[{"@context":"https:\/\/schema.org\/","@type":"Article","@id":"https:\/\/www.proca.cz\/sidlo-firmy-v-praze-neni-nic-neobvykleho\/#Article","mainEntityOfPage":"https:\/\/www.proca.cz\/sidlo-firmy-v-praze-neni-nic-neobvykleho\/","headline":"S\u00eddlo firmy v Praze nen\u00ed nic neobvykl\u00e9ho","name":"S\u00eddlo firmy v Praze nen\u00ed nic neobvykl\u00e9ho","description":"Virtu\u00e1ln\u00ed s\u00eddlo v Praze https:\/\/www.profisidla.cz\/cs\/seznam-sidel\/c-8\/?cat=1 je sou\u010dasn\u00fd fenom\u00e9n, rozhodn\u011b to nen\u00ed neobvykl\u00fd jev, ba pr\u00e1v\u011b naopak jde o velmi roz\u0161\u00ed\u0159enou z\u00e1le\u017eitost, kter\u00e1 podnikatelsk\u00fdm subjekt\u016fm vypom\u00e1h\u00e1 ve v\u00edce oblastech. V prvn\u00ed \u0159ad\u011b je dnes v Praze s\u00eddel firem tolik, \u017ee to tak\u0159ka anuluje pravd\u011bpodobnost kontroly z finan\u010dn\u00edho \u00fa\u0159adu. N\u011bkter\u00e9 zdroje uv\u00e1d\u00ed, \u017ee na v\u00e1s \u00fa\u0159edn\u00edci z... <div class=\"read-more\"><a href=\"https:\/\/www.proca.cz\/sidlo-firmy-v-praze-neni-nic-neobvykleho\/\">Read More<\/a><\/div>","datePublished":"2024-10-11","dateModified":"2024-10-11","author":{"@type":"Person","@id":"https:\/\/www.proca.cz\/author\/#Person","name":"","url":"https:\/\/www.proca.cz\/author\/","identifier":1,"image":{"@type":"ImageObject","@id":"https:\/\/secure.gravatar.com\/avatar\/d6cba3ab97c30e0df0e32548954cb6b1550f4672bd3a4687bf1118b122d757e8?s=96&d=mm&r=g","url":"https:\/\/secure.gravatar.com\/avatar\/d6cba3ab97c30e0df0e32548954cb6b1550f4672bd3a4687bf1118b122d757e8?s=96&d=mm&r=g","height":96,"width":96}},"publisher":{"@type":"Organization","name":"proca.cz","logo":{"@type":"ImageObject","@id":"\/logo.png","url":"\/logo.png","width":600,"height":60}},"image":{"@type":"ImageObject","@id":"https:\/\/www.proca.cz\/wp-content\/uploads\/prague-1047848_640_1.jpg","url":"https:\/\/www.proca.cz\/wp-content\/uploads\/prague-1047848_640_1.jpg","height":0,"width":0},"url":"https:\/\/www.proca.cz\/sidlo-firmy-v-praze-neni-nic-neobvykleho\/","about":["Business"],"wordCount":433,"articleBody":"      Virtu\u00e1ln\u00ed s\u00eddlo v Praze https:\/\/www.profisidla.cz\/cs\/seznam-sidel\/c-8\/?cat=1 je sou\u010dasn\u00fd fenom\u00e9n, rozhodn\u011b to nen\u00ed neobvykl\u00fd jev, ba pr\u00e1v\u011b naopak jde o velmi roz\u0161\u00ed\u0159enou z\u00e1le\u017eitost, kter\u00e1 podnikatelsk\u00fdm subjekt\u016fm vypom\u00e1h\u00e1 ve v\u00edce oblastech. V prvn\u00ed \u0159ad\u011b je dnes v Praze s\u00eddel firem tolik, \u017ee to tak\u0159ka anuluje pravd\u011bpodobnost kontroly z finan\u010dn\u00edho \u00fa\u0159adu. N\u011bkter\u00e9 zdroje uv\u00e1d\u00ed, \u017ee na v\u00e1s \u00fa\u0159edn\u00edci z ber\u0148\u00e1ku natref\u00ed maxim\u00e1ln\u011b jednou za sto let. Naopak s\u00eddlo firmy na mal\u00e9m okrese pravd\u011bpodobnost kontroly citeln\u011b zvy\u0161uje. Virtu\u00e1ln\u00ed s\u00eddla firem se z\u0159izuj\u00ed tak\u00e9 kv\u016fli lidem v m\u00edst\u011b bydli\u0161t\u011b. Jestli\u017ee o v\u00e1s v\u00ed t\u00e9m\u011b\u0159 v\u0161e va\u0161i soused\u00e9 z ulice a dal\u0161\u00ed lid\u00e9, co v\u00e1s dob\u0159e znaj\u00ed, a v\u00e1m se zrovna za\u010dne da\u0159it, m\u016f\u017ee se v nich aktivovat z\u00e1vist a jak z\u0159ejm\u011b dob\u0159e v\u00edte, lid\u00e9 ze z\u00e1visti p\u00e1chaj\u00ed i trestnou \u010dinnost.A chcete-li p\u00e1r p\u0159\u00edklad\u016f ze \u017eivota, zhl\u00e9dn\u011bte dva na sebe navazuj\u00edc\u00ed legend\u00e1rn\u00ed \u010desk\u00e9 filmy \u201eZ\u00edtra to rozto\u010d\u00edme, drahou\u0161ku\u201c a \u201eCo je doma, to se po\u010d\u00edt\u00e1, p\u00e1nov\u00e9!\u201c S\u00eddlo v Praze v\u00e1m poskytne anonymn\u00ed prost\u0159ed\u00ed a tam, kde v\u00e1s nikdo nezn\u00e1, nem\u00e1 v\u00e1m nikdo ani co z\u00e1vid\u011bt. TV Praze se lid\u00e9 potk\u00e1vaj\u00ed a m\u00edj\u00ed na ulic\u00edch tak\u0159ka bez pov\u0161imnut\u00ed, co\u017e v\u00e1m sice nebude p\u0159in\u00e1\u0161et \u017e\u00e1dn\u00e1 nov\u00e1 p\u0159\u00e1telstv\u00ed, ale na druhou stranu m\u00e1te jistotu klidu pro va\u0161e aktivity. V n\u011bkter\u00fdch pra\u017esk\u00fdch s\u00eddlech maj\u00ed podnikatel\u00e9 mo\u017enost vyu\u017e\u00edvat zasedac\u00ed m\u00edstnost, tedy kancel\u00e1\u0159sk\u00e9 prostory s kuchy\u0148kou a s toaletou, kde m\u016f\u017eete po\u0159\u00e1dat firemn\u00ed setk\u00e1n\u00ed s va\u0161imi partnery, zaji\u0161\u0165ovat \u0161kolen\u00ed \u010di prezentace, podepisovat kontrakty na spolupr\u00e1ci a dod\u00e1vku zbo\u017e\u00ed \u010di surovin a vy\u0159izovat dal\u0161\u00ed administrativu. V\u00fdhodou zasedac\u00edch prostor je i mo\u017enost j\u00edt odtud s va\u0161imi kolegy n\u011bkam na ob\u011bd \u010di na ve\u010de\u0159i do vyhl\u00e1\u0161en\u00e9 restaurace, posed\u011bt v kav\u00e1rn\u00e1ch, \u010dajovn\u00e1ch a podobn\u00fdch podnic\u00edch, m\u016f\u017eete si napl\u00e1novat v\u00fdlet do pra\u017esk\u00e9 p\u0159\u00edrody, kter\u00e1 je tu velmi rozmanit\u00e1 anebo si prohl\u00e9dnout n\u011bkter\u00e9 zaj\u00edmav\u00e9 pam\u00e1tky, nap\u0159\u00edklad expozice v N\u00e1rodn\u00edm muzeu na V\u00e1clavsk\u00e9m n\u00e1m\u011bst\u00ed.                                                                                                                                                                                                                                                                                                                                                                                           3.8\/5 - (6 votes)        "},{"@context":"https:\/\/schema.org\/","@type":"BreadcrumbList","itemListElement":[{"@type":"ListItem","position":1,"name":"S\u00eddlo firmy v Praze nen\u00ed nic neobvykl\u00e9ho","item":"https:\/\/www.proca.cz\/sidlo-firmy-v-praze-neni-nic-neobvykleho\/#breadcrumbitem"}]}]