[{"@context":"https:\/\/schema.org\/","@type":"Article","@id":"https:\/\/www.proca.cz\/odreagovani-u-more\/#Article","mainEntityOfPage":"https:\/\/www.proca.cz\/odreagovani-u-more\/","headline":"Odreagov\u00e1n\u00ed u mo\u0159e","name":"Odreagov\u00e1n\u00ed u mo\u0159e","description":"Jet na dovolenou je skv\u011bl\u00e9. Ka\u017ed\u00fd, kdo to n\u011bkdy za\u017eil, a pravideln\u011b si to dop\u0159\u00e1v\u00e1, jist\u011b zn\u00e1 ten pocit, kdy nemus\u00ed \u0159e\u0161it naprosto \u017e\u00e1dn\u00e9 starosti, ale pouze si u\u017e\u00edv\u00e1 toho, co si za\u0159\u00eddil. Je to opravdu dokonal\u00e1 doba, kdy nemus\u00edte \u0159e\u0161it naprosto nic. Kdy\u017e se nav\u00edc obr\u00e1t\u00edte na n\u011bkoho, kdo m\u00e1 s cestov\u00e1n\u00edm bohat\u00e9 zku\u0161enosti... <div class=\"read-more\"><a href=\"https:\/\/www.proca.cz\/odreagovani-u-more\/\">Read More<\/a><\/div>","datePublished":"2023-06-23","dateModified":"2024-06-24","author":{"@type":"Person","@id":"https:\/\/www.proca.cz\/author\/#Person","name":"","url":"https:\/\/www.proca.cz\/author\/","identifier":1,"image":{"@type":"ImageObject","@id":"https:\/\/secure.gravatar.com\/avatar\/d6cba3ab97c30e0df0e32548954cb6b1550f4672bd3a4687bf1118b122d757e8?s=96&d=mm&r=g","url":"https:\/\/secure.gravatar.com\/avatar\/d6cba3ab97c30e0df0e32548954cb6b1550f4672bd3a4687bf1118b122d757e8?s=96&d=mm&r=g","height":96,"width":96}},"publisher":{"@type":"Organization","name":"proca.cz","logo":{"@type":"ImageObject","@id":"\/logo.png","url":"\/logo.png","width":600,"height":60}},"url":"https:\/\/www.proca.cz\/odreagovani-u-more\/","wordCount":238,"articleBody":"Jet na dovolenou je skv\u011bl\u00e9. Ka\u017ed\u00fd, kdo to n\u011bkdy za\u017eil, a pravideln\u011b si to dop\u0159\u00e1v\u00e1, jist\u011b zn\u00e1 ten pocit, kdy nemus\u00ed \u0159e\u0161it naprosto \u017e\u00e1dn\u00e9 starosti, ale pouze si u\u017e\u00edv\u00e1 toho, co si za\u0159\u00eddil. Je to opravdu dokonal\u00e1 doba, kdy nemus\u00edte \u0159e\u0161it naprosto nic. Kdy\u017e se nav\u00edc obr\u00e1t\u00edte na n\u011bkoho, kdo m\u00e1 s cestov\u00e1n\u00edm bohat\u00e9 zku\u0161enosti a m\u016f\u017ee v\u00e1m v\u0161e za\u0159\u00eddit, starosti budou je\u0161t\u011b o to men\u0161\u00ed. Nev\u00e1hejte a vyu\u017eijte ubytov\u00e1n\u00ed Chorvatsko v t\u00e9 nejvy\u0161\u0161\u00ed kvalit\u011b, a to na kr\u00e1sn\u00e9m ostrov\u011b Krk. Je to n\u00e1dhern\u00e9 m\u00edsto, kter\u00e9 stoj\u00ed za nav\u0161t\u00edven\u00ed, a tak nen\u00ed prostor na v\u00e1h\u00e1n\u00ed.Zkuste to sami a u\u017eijte siPokud se rozhodnete vyu\u017e\u00edt sv\u00e9 volno a zkusit n\u011bco, co jste je\u0161t\u011b nezkou\u0161eli, budete nad\u0161eni. Cestovat je skv\u011bl\u00e9, a to hlavn\u011b tam, kde si budete moci u\u017e\u00edt skute\u010dn\u011b kr\u00e1sn\u00e9 dovolen\u00e9. Nemyslete proto na v\u0161edn\u00ed starosti, ale vyu\u017eijte modern\u00ed mo\u017enosti cestov\u00e1n\u00ed. Budete nad\u0161eni a v\u00e1\u0161 \u017eivot bude zase o n\u011bco bohat\u0161\u00ed. Chorvatsko je nav\u00edc kr\u00e1sn\u00e9 a m\u016f\u017ee v\u00e1m toho nab\u00eddnout skute\u010dn\u011b mnoho. Z\u00e1le\u017e\u00ed proto jenom na v\u00e1s, zdali up\u0159ednostn\u00edte koup\u00e1n\u00ed, pam\u00e1tky, anebo v\u0161e skombinujete.                                                                                                                                                                                                                                                                                                                                                                                        4.7\/5 - (10 votes)        "},{"@context":"https:\/\/schema.org\/","@type":"BreadcrumbList","itemListElement":[{"@type":"ListItem","position":1,"name":"Odreagov\u00e1n\u00ed u mo\u0159e","item":"https:\/\/www.proca.cz\/odreagovani-u-more\/#breadcrumbitem"}]}]