[{"@context":"https:\/\/schema.org\/","@type":"Article","@id":"https:\/\/www.proca.cz\/novy-design\/#Article","mainEntityOfPage":"https:\/\/www.proca.cz\/novy-design\/","headline":"Nov\u00fd design","name":"Nov\u00fd design","description":"Pokud bydl\u00edte v Praze nebo tak\u00e9 se zrovna d\u00edv\u00e1te po n\u011bjak\u00e9m nov\u00e9m byt\u011b, tak j\u00e1 sama bych v\u00e1m doporu\u010dila, abyste si k sob\u011b vzali t\u0159eba n\u011bjak\u00e9ho specialistu, kter\u00fd se v tomhle vyzn\u00e1, aby v\u00e1m mohl co nejv\u00edce pomoct. J\u00e1 sama jsem si \u0159ekla, \u017ee si s partnerem tak\u00e9 vezmeme n\u011bjak\u00e9ho poradce, kter\u00fd by n\u00e1m poradil,... <div class=\"read-more\"><a href=\"https:\/\/www.proca.cz\/novy-design\/\">Read More<\/a><\/div>","datePublished":"2023-08-27","dateModified":"2023-09-29","author":{"@type":"Person","@id":"https:\/\/www.proca.cz\/author\/#Person","name":"","url":"https:\/\/www.proca.cz\/author\/","identifier":1,"image":{"@type":"ImageObject","@id":"https:\/\/secure.gravatar.com\/avatar\/d6cba3ab97c30e0df0e32548954cb6b1550f4672bd3a4687bf1118b122d757e8?s=96&d=mm&r=g","url":"https:\/\/secure.gravatar.com\/avatar\/d6cba3ab97c30e0df0e32548954cb6b1550f4672bd3a4687bf1118b122d757e8?s=96&d=mm&r=g","height":96,"width":96}},"publisher":{"@type":"Organization","name":"proca.cz","logo":{"@type":"ImageObject","@id":"\/logo.png","url":"\/logo.png","width":600,"height":60}},"image":{"@type":"ImageObject","@id":"https:\/\/www.proca.cz\/wp-content\/uploads\/nursery-1078923_1280.jpg","url":"https:\/\/www.proca.cz\/wp-content\/uploads\/nursery-1078923_1280.jpg","height":0,"width":0},"url":"https:\/\/www.proca.cz\/novy-design\/","about":["Byt a d\u016fm"],"wordCount":420,"articleBody":"   Pokud bydl\u00edte v Praze nebo tak\u00e9 se zrovna d\u00edv\u00e1te po n\u011bjak\u00e9m nov\u00e9m byt\u011b, tak j\u00e1 sama bych v\u00e1m doporu\u010dila, abyste si k sob\u011b vzali t\u0159eba n\u011bjak\u00e9ho specialistu, kter\u00fd se v tomhle vyzn\u00e1, aby v\u00e1m mohl co nejv\u00edce pomoct. J\u00e1 sama jsem si \u0159ekla, \u017ee si s partnerem tak\u00e9 vezmeme n\u011bjak\u00e9ho poradce, kter\u00fd by n\u00e1m poradil, jak\u00fd byt by pro n\u00e1s byl nejv\u00edce vhodn\u00fd. Tak\u017ee jsme si zadali takov\u00e9 na\u0161e podm\u00ednky a pokyny, \u017ee bychom cht\u011bli minim\u00e1ln\u011b m\u00edt t\u0159i m\u00edstnosti, kter\u00e9 by ale nebyly mal\u00e9, ale sp\u00ed\u0161e v\u011bt\u0161\u00ed nebo st\u0159edn\u00ed. Hlavn\u011b ne mal\u00e9, proto\u017ee j\u00e1 osobn\u011b nem\u00e1m r\u00e1da st\u00edsn\u011bn\u00e9 prostory. Nav\u00edc moc r\u00e1da tan\u010d\u00edm a tak\u00e9 cvi\u010d\u00edm j\u00f3gu a pilates, tak\u017ee pot\u0159ebuji tak\u00e9 opravdu mnoho m\u00edsta k tomu, bych mohla cvi\u010dit a nebo d\u011blat dal\u0161\u00ed cviky, kter\u00e9 m\u011b bav\u00ed. A to nepo\u010d\u00edt\u00e1m p\u00e1rty a nebo r\u016fzn\u00e9 rodinn\u00e9 ve\u010de\u0159e a ob\u011bdy, kter\u00e9 tak\u00e9 moc r\u00e1da po\u0159\u00e1d\u00e1m.Tak\u00e9 jsem ale cht\u011bla a m\u011bla jsem z\u00e1jem o to, aby n\u00e1m m\u00edstnosti navrhl n\u011bjak\u00fd pe\u010dliv\u00fd a \u0161ikovn\u00fd bytov\u00fd architekt z Prahy . My s partnerem toti\u017e se chyst\u00e1me bydlet v Praze a Prahu milujeme, tak\u017ee jsem tak\u00e9 cht\u011bli n\u00e1\u0161 byt m\u00edt vylep\u0161en\u00fd od n\u011bjak\u00e9ho \u0161ikovn\u00e9ho a stylov\u00e9ho bytov\u00e9ho architekta. \u0158eknu v\u00e1m, \u017ee naj\u00edt bytov\u00e9ho architekta v Praze je docela o\u0159\u00ed\u0161ek. Ale ne, \u017ee by jich tady bylo m\u00e1lo. Je jich docela hodn\u011b, ale v\u0161ichni bytov\u00ed architekti z Prahy jsou zanepr\u00e1zdn\u011bni, proto\u017ee maj\u00ed opravdu st\u00e1le n\u011bjakou pr\u00e1ci.Bylo to docela takov\u00e9 zvl\u00e1\u0161tn\u00ed a zaj\u00edmav\u00e9, proto\u017ee jsem se d\u00edvala, \u017ee by zrovna v\u0161ichni lid\u00e9 cht\u011bli v ten moment, kdy to chceme my, \u017ee by tak\u00e9 cht\u011bli sv\u00e9 byty vylep\u0161it bytov\u00fdmi design\u00e9ry. Pokud st\u00e1le v\u00e1h\u00e1te a hled\u00e1te bytov\u00e9ho architekta v Praze, j\u00e1 sama za sebe doporu\u010dit tyto webov\u00e9 str\u00e1nky bydesign.cz, kter\u00e9 mi dala moje kamar\u00e1dka, proto\u017ee s touto design\u00e9rskou firmou je velice spokojen\u00e1. A tak\u00e9 jsem se koukala na r\u016fzn\u00e9 fotogalerie a mus\u00edm \u0159\u00edct, \u017ee v\u00fdsledek opravdu stoj\u00ed za to.                                                                                                                                                                                                                                                                                                                                                                                           4.6\/5 - (12 votes)        "},{"@context":"https:\/\/schema.org\/","@type":"BreadcrumbList","itemListElement":[{"@type":"ListItem","position":1,"name":"Nov\u00fd design","item":"https:\/\/www.proca.cz\/novy-design\/#breadcrumbitem"}]}]