[{"@context":"https:\/\/schema.org\/","@type":"Article","@id":"https:\/\/www.proca.cz\/nereste-projektove-rizeni-vyresime-ho-za-vas\/#Article","mainEntityOfPage":"https:\/\/www.proca.cz\/nereste-projektove-rizeni-vyresime-ho-za-vas\/","headline":"Ne\u0159e\u0161te projektov\u00e9 \u0159\u00edzen\u00ed, vy\u0159e\u0161\u00edme ho za V\u00e1s","name":"Ne\u0159e\u0161te projektov\u00e9 \u0159\u00edzen\u00ed, vy\u0159e\u0161\u00edme ho za V\u00e1s","description":"Projektov\u00e9 \u0159\u00edzen\u00ed, neboli project management, \u010dasto znamen\u00e1 pro firmu novou oblast a obor, kter\u00fd mus\u00ed za\u010d\u00edt vyu\u017e\u00edvat, pokud se rozhodne t\u0159eba roz\u0161\u00ed\u0159it svou v\u00fdrobu v\u00fdstavbou nov\u00e9 haly. \u010casto i dobr\u00fd projekt a \u00famysl roz\u0161\u00ed\u0159en\u00ed v\u00fdroby, o kterou je z\u00e1jem, ztroskot\u00e1 pr\u00e1v\u011b na neznalosti projektov\u00e9ho \u0159\u00edzen\u00ed. Pokud se tedy i Vy ob\u00e1v\u00e1te, \u017ee by \u00fasp\u011b\u0161n\u00fd r\u016fst... <div class=\"read-more\"><a href=\"https:\/\/www.proca.cz\/nereste-projektove-rizeni-vyresime-ho-za-vas\/\">Read More<\/a><\/div>","datePublished":"2025-01-17","dateModified":"2025-01-17","author":{"@type":"Person","@id":"https:\/\/www.proca.cz\/author\/#Person","name":"","url":"https:\/\/www.proca.cz\/author\/","identifier":1,"image":{"@type":"ImageObject","@id":"https:\/\/secure.gravatar.com\/avatar\/d6cba3ab97c30e0df0e32548954cb6b1550f4672bd3a4687bf1118b122d757e8?s=96&d=mm&r=g","url":"https:\/\/secure.gravatar.com\/avatar\/d6cba3ab97c30e0df0e32548954cb6b1550f4672bd3a4687bf1118b122d757e8?s=96&d=mm&r=g","height":96,"width":96}},"publisher":{"@type":"Organization","name":"proca.cz","logo":{"@type":"ImageObject","@id":"\/logo.png","url":"\/logo.png","width":600,"height":60}},"url":"https:\/\/www.proca.cz\/nereste-projektove-rizeni-vyresime-ho-za-vas\/","wordCount":170,"articleBody":"Projektov\u00e9 \u0159\u00edzen\u00ed, neboli project management, \u010dasto znamen\u00e1 pro firmu novou oblast a obor, kter\u00fd mus\u00ed za\u010d\u00edt vyu\u017e\u00edvat, pokud se rozhodne t\u0159eba roz\u0161\u00ed\u0159it svou v\u00fdrobu v\u00fdstavbou nov\u00e9 haly. \u010casto i dobr\u00fd projekt a \u00famysl roz\u0161\u00ed\u0159en\u00ed v\u00fdroby, o kterou je z\u00e1jem, ztroskot\u00e1 pr\u00e1v\u011b na neznalosti projektov\u00e9ho \u0159\u00edzen\u00ed. Pokud se tedy i Vy ob\u00e1v\u00e1te, \u017ee by \u00fasp\u011b\u0161n\u00fd r\u016fst Va\u0161\u00ed firmy mohla ohrozit neznalost projektov\u00e9ho managementu, obra\u0165te se na n\u00e1s.V\u011bnujte se vlastn\u00ed \u010dinnostiNa\u0161e spole\u010dnost s V\u00e1mi prokonzultuje v\u0161echny n\u00e1le\u017eitosti, kter\u00e9 jsou z\u00e1kladem projektov\u00e9ho \u0159\u00edzen\u00ed u stavebn\u00edch a in\u017een\u00fdrsk\u00fdch projekt\u016f. Doporu\u010d\u00edme V\u00e1m vhodn\u00e9 postupy, sezn\u00e1m\u00edme V\u00e1s s logistikou projektu, pom\u016f\u017eeme s tvorbou \u010dasov\u00e9ho harmonogramu apod. Project management bude tedy s n\u00e1mi hra\u010dkou. D\u00edky n\u00e1m se budete moci v\u011bnovat pouze sv\u00e9 vlastn\u00ed \u010dinnosti a pustit project management z hlavy.                                                                                                                                                                                                                                                                                                                                                                                        5\/5 - (1 vote)        "},{"@context":"https:\/\/schema.org\/","@type":"BreadcrumbList","itemListElement":[{"@type":"ListItem","position":1,"name":"Ne\u0159e\u0161te projektov\u00e9 \u0159\u00edzen\u00ed, vy\u0159e\u0161\u00edme ho za V\u00e1s","item":"https:\/\/www.proca.cz\/nereste-projektove-rizeni-vyresime-ho-za-vas\/#breadcrumbitem"}]}]