[{"@context":"https:\/\/schema.org\/","@type":"Article","@id":"https:\/\/www.proca.cz\/ne-kazde-sidlo-je-idealni\/#Article","mainEntityOfPage":"https:\/\/www.proca.cz\/ne-kazde-sidlo-je-idealni\/","headline":"Ne ka\u017ed\u00e9 s\u00eddlo je ide\u00e1ln\u00ed","name":"Ne ka\u017ed\u00e9 s\u00eddlo je ide\u00e1ln\u00ed","description":"V\u0161echny podniky pot\u0159ebuj\u00ed mimo jin\u00fdch n\u00e1le\u017eitost\u00ed samoz\u0159ejm\u011b i sv\u00e9 s\u00eddlo. Mus\u00ed b\u00fdt n\u011bjak\u00fd objekt s adresou, kam by se tyto p\u0159ihl\u00e1sily a kde by p\u016fsobily a byly k zasti\u017een\u00ed v\u0161emi, kdo by o n\u011b p\u0159\u00edpadn\u011b z jak\u00e9hokoliv d\u016fvodu projevovali z\u00e1jem. A je jasn\u00e9, \u017ee i takov\u00e9 firemn\u00ed s\u00eddlo mus\u00ed m\u00edt ur\u010dit\u00e9 vlastnosti, \u017ee se ned\u00e1... <div class=\"read-more\"><a href=\"https:\/\/www.proca.cz\/ne-kazde-sidlo-je-idealni\/\">Read More<\/a><\/div>","datePublished":"2021-10-20","dateModified":"2021-10-20","author":{"@type":"Person","@id":"https:\/\/www.proca.cz\/author\/#Person","name":"","url":"https:\/\/www.proca.cz\/author\/","identifier":1,"image":{"@type":"ImageObject","@id":"https:\/\/secure.gravatar.com\/avatar\/d6cba3ab97c30e0df0e32548954cb6b1550f4672bd3a4687bf1118b122d757e8?s=96&d=mm&r=g","url":"https:\/\/secure.gravatar.com\/avatar\/d6cba3ab97c30e0df0e32548954cb6b1550f4672bd3a4687bf1118b122d757e8?s=96&d=mm&r=g","height":96,"width":96}},"publisher":{"@type":"Organization","name":"proca.cz","logo":{"@type":"ImageObject","@id":"\/logo.png","url":"\/logo.png","width":600,"height":60}},"image":{"@type":"ImageObject","@id":"https:\/\/www.proca.cz\/wp-content\/uploads\/let%C3%ADc%C3%AD%20dopis.png","url":"https:\/\/www.proca.cz\/wp-content\/uploads\/let%C3%ADc%C3%AD%20dopis.png","height":0,"width":0},"url":"https:\/\/www.proca.cz\/ne-kazde-sidlo-je-idealni\/","about":["Zbo\u017e\u00ed"],"wordCount":423,"articleBody":"   V\u0161echny podniky pot\u0159ebuj\u00ed mimo jin\u00fdch n\u00e1le\u017eitost\u00ed samoz\u0159ejm\u011b i sv\u00e9 s\u00eddlo. Mus\u00ed b\u00fdt n\u011bjak\u00fd objekt s adresou, kam by se tyto p\u0159ihl\u00e1sily a kde by p\u016fsobily a byly k zasti\u017een\u00ed v\u0161emi, kdo by o n\u011b p\u0159\u00edpadn\u011b z jak\u00e9hokoliv d\u016fvodu projevovali z\u00e1jem. A je jasn\u00e9, \u017ee i takov\u00e9 firemn\u00ed s\u00eddlo mus\u00ed m\u00edt ur\u010dit\u00e9 vlastnosti, \u017ee se ned\u00e1 p\u0159ihl\u00e1sit kdekoliv, kde se jenom p\u0159ihl\u00e1sit d\u00e1. Proto\u017ee i s\u00eddlo spole\u010dnosti m\u00e1 vliv na jej\u00ed podnikatelsk\u00e9 \u00fasp\u011bchy \u010di ne\u00fasp\u011bchy, na dosahovan\u00e9 zisky a podobn\u011b.A tak si u\u017e ve chv\u00edl\u00edch, kdy si lid\u00e9 n\u011bjak\u00e9 s\u00eddlo po\u0159izuj\u00ed, mus\u00ed tito vyb\u00edrat. Aby byl pro n\u011b zvolen\u00fd objekt po v\u0161ech str\u00e1nk\u00e1ch dokonal\u00fd. Nebo alespo\u0148 so nejdokonalej\u0161\u00ed, proto\u017ee je logick\u00e9, \u017ee ne ka\u017ed\u00fd z podnikatel\u016f si m\u016f\u017ee dop\u0159\u00e1t absolutn\u00ed \u0161pi\u010dku mezi v\u0161emi s\u00eddly, nen\u00ed vesm\u011bs mo\u017en\u00e9 m\u00edt v\u0161estrann\u011b ide\u00e1ln\u00ed p\u016fsobi\u0161t\u011b.A tak maj\u00ed mnoz\u00ed z podnikatel\u016f n\u011bco, co jim vyhovuje k jejich pr\u00e1ci, ale co nen\u00ed optim\u00e1ln\u00ed dejme tomu sv\u00fdm vn\u011bj\u0161\u00edm vzhledem nebo lokalitou. N\u011bkomu sta\u010d\u00ed sice i oby\u010dejn\u00e1 d\u00edlni\u010dka k tomu, aby d\u011blal to, co d\u011blat chce, jen\u017ee tam mu pochopiteln\u011b moc z\u00e1kazn\u00edk\u016f nem\u00ed\u0159\u00ed, proto\u017ee to nep\u016fsob\u00ed zrovna ide\u00e1ln\u00edm a d\u016fv\u011bryhodn\u00fdm dojmem, m\u016f\u017ee to tam b\u00fdt daleko a podobn\u011b.A co tehdy, kdy\u017e by bylo pot\u0159eba luxusn\u011bj\u0161\u00ed s\u00eddlo, p\u0159\u00edpadn\u011b dal\u0161\u00ed s\u00eddlo k tomu st\u00e1vaj\u00edc\u00edmu, slou\u017e\u00edc\u00ed jenom pro vybudov\u00e1n\u00ed image a snaz\u0161\u00ed osloven\u00ed potenci\u00e1ln\u00ed klientely? Pak si n\u011bkdo m\u016f\u017ee takov\u00fd objekt samoz\u0159ejm\u011b po\u0159\u00eddit. Jen\u017ee to leze do pen\u011bz a nejednou se ani p\u0159\u00edhodn\u00e1 nemovitost nese\u017eene.A v tu chv\u00edli p\u0159ijde kdekomu vhod virtu\u00e1ln\u00ed s\u00eddlo Ostrava https:\/\/kancelar29.cz\/virtualni-kancelar-sidlo-firmy-ostrava\/. Tady si toti\u017e doty\u010dn\u00fd m\u016f\u017ee z\u0159\u00eddit skute\u010dn\u011b jenom svoji firemn\u00ed adresu s minimem slu\u017eeb, je\u017e tu pro n\u011bj vykon\u00e1vaj\u00ed jin\u00ed, tady nem\u016f\u017ee podnikat, ale jenom se t\u00edmto s\u00eddlem prezentovat. A proto je tato varianta ide\u00e1ln\u00ed. Nestoj\u00ed moc pen\u011bz a ka\u017ed\u00fd tak z\u00edsk\u00e1 s\u00eddlo na dobr\u00e9 adrese, d\u00edky n\u011bmu\u017e si vybuduje dobr\u00e9 jm\u00e9no.                                                                                                                                                                                                                                                                                                                                                                                          5\/5 - (1 vote)        "},{"@context":"https:\/\/schema.org\/","@type":"BreadcrumbList","itemListElement":[{"@type":"ListItem","position":1,"name":"Ne ka\u017ed\u00e9 s\u00eddlo je ide\u00e1ln\u00ed","item":"https:\/\/www.proca.cz\/ne-kazde-sidlo-je-idealni\/#breadcrumbitem"}]}]