{"@context":"https:\/\/schema.org\/","@type":"CollectionPage","@id":"https:\/\/www.proca.cz\/mobil\/#CollectionPage","headline":"Mobil Category","description":"","url":"https:\/\/www.proca.cz\/mobil\/","hasPart":[{"@type":"Article","@id":"https:\/\/www.proca.cz\/legendarni-mobil\/","headline":"Legend\u00e1rn\u00ed mobil","url":"https:\/\/www.proca.cz\/legendarni-mobil\/","datePublished":"2024-10-31","dateModified":"2024-10-31","mainEntityOfPage":"https:\/\/www.proca.cz\/legendarni-mobil\/","author":{"@type":"Person","@id":"https:\/\/www.proca.cz\/author\/#Person","name":"","url":"https:\/\/www.proca.cz\/author\/","identifier":1,"image":{"@type":"ImageObject","@id":"https:\/\/secure.gravatar.com\/avatar\/d6cba3ab97c30e0df0e32548954cb6b1550f4672bd3a4687bf1118b122d757e8?s=96&d=mm&r=g","url":"https:\/\/secure.gravatar.com\/avatar\/d6cba3ab97c30e0df0e32548954cb6b1550f4672bd3a4687bf1118b122d757e8?s=96&d=mm&r=g","height":96,"width":96}},"publisher":{"@type":"Organization","name":"proca.cz","logo":{"@type":"ImageObject","@id":"\/logo.png","url":"\/logo.png","width":600,"height":60}},"image":{"@type":"ImageObject","@id":"https:\/\/www.proca.cz\/wp-content\/uploads\/iphone-410324_960_720_5.jpg","url":"https:\/\/www.proca.cz\/wp-content\/uploads\/iphone-410324_960_720_5.jpg","height":0,"width":0},"keywords":null},{"@type":"Article","@id":"https:\/\/www.proca.cz\/zavislost-na-mobilnim-telefonu\/","headline":"Z\u00e1vislost na mobiln\u00edm telefonu","url":"https:\/\/www.proca.cz\/zavislost-na-mobilnim-telefonu\/","datePublished":"2024-02-23","dateModified":"2024-02-23","mainEntityOfPage":"https:\/\/www.proca.cz\/zavislost-na-mobilnim-telefonu\/","author":{"@type":"Person","@id":"https:\/\/www.proca.cz\/author\/#Person","name":"","url":"https:\/\/www.proca.cz\/author\/","identifier":1,"image":{"@type":"ImageObject","@id":"https:\/\/secure.gravatar.com\/avatar\/d6cba3ab97c30e0df0e32548954cb6b1550f4672bd3a4687bf1118b122d757e8?s=96&d=mm&r=g","url":"https:\/\/secure.gravatar.com\/avatar\/d6cba3ab97c30e0df0e32548954cb6b1550f4672bd3a4687bf1118b122d757e8?s=96&d=mm&r=g","height":96,"width":96}},"publisher":{"@type":"Organization","name":"proca.cz","logo":{"@type":"ImageObject","@id":"\/logo.png","url":"\/logo.png","width":600,"height":60}},"image":{"@type":"ImageObject","@id":"https:\/\/www.proca.cz\/wp-content\/uploads\/woman-7704049_640.jpg","url":"https:\/\/www.proca.cz\/wp-content\/uploads\/woman-7704049_640.jpg","height":0,"width":0},"keywords":null},{"@type":"Article","@id":"https:\/\/www.proca.cz\/skutecne-jsme-pres-mobil-sledovani\/","headline":"Skute\u010dn\u011b jsme p\u0159es mobil sledov\u00e1ni?","url":"https:\/\/www.proca.cz\/skutecne-jsme-pres-mobil-sledovani\/","datePublished":"2023-09-22","dateModified":"2024-02-22","mainEntityOfPage":"https:\/\/www.proca.cz\/skutecne-jsme-pres-mobil-sledovani\/","author":{"@type":"Person","@id":"https:\/\/www.proca.cz\/author\/#Person","name":"","url":"https:\/\/www.proca.cz\/author\/","identifier":1,"image":{"@type":"ImageObject","@id":"https:\/\/secure.gravatar.com\/avatar\/d6cba3ab97c30e0df0e32548954cb6b1550f4672bd3a4687bf1118b122d757e8?s=96&d=mm&r=g","url":"https:\/\/secure.gravatar.com\/avatar\/d6cba3ab97c30e0df0e32548954cb6b1550f4672bd3a4687bf1118b122d757e8?s=96&d=mm&r=g","height":96,"width":96}},"publisher":{"@type":"Organization","name":"proca.cz","logo":{"@type":"ImageObject","@id":"\/logo.png","url":"\/logo.png","width":600,"height":60}},"image":{"@type":"ImageObject","@id":"https:\/\/www.proca.cz\/wp-content\/uploads\/mobil1_10_10_10_10_10_7.jpg","url":"https:\/\/www.proca.cz\/wp-content\/uploads\/mobil1_10_10_10_10_10_7.jpg","height":0,"width":0},"keywords":null}]}