[{"@context":"https:\/\/schema.org\/","@type":"Article","@id":"https:\/\/www.proca.cz\/hrnecky\/#Article","mainEntityOfPage":"https:\/\/www.proca.cz\/hrnecky\/","headline":"Hrne\u010dky.","name":"Hrne\u010dky.","description":"Ka\u017ed\u00fd m\u00e1 r\u00e1d sv\u016fj obl\u00edben\u00fd hrnek, hrne\u010dek nebo velk\u00fd hrnek, kter\u00fd pojme i t\u0159i \u010dtvrt\u011b litru tekutiny. M\u016f\u017eete ka\u017ed\u00fd den p\u00edt velk\u00e9 mno\u017estv\u00ed sypan\u00fdch bylinkov\u00fdch \u010daj\u016f nebo si m\u016f\u017eete dop\u0159\u00e1vat pravidelnou denn\u00ed k\u00e1vu v pr\u00e1ci, kde v\u00e1m profesion\u00e1ln\u00ed k\u00e1vovar ud\u011bl\u00e1 jedine\u010dnou chu\u0165. N\u011bkte\u0159\u00ed si k\u00e1vu jen tak v pr\u00e1ci d\u00e1t nemohou, proto\u017ee jejich pracovn\u00ed pozice,... <div class=\"read-more\"><a href=\"https:\/\/www.proca.cz\/hrnecky\/\">Read More<\/a><\/div>","datePublished":"2024-03-15","dateModified":"2024-04-16","author":{"@type":"Person","@id":"https:\/\/www.proca.cz\/author\/#Person","name":"","url":"https:\/\/www.proca.cz\/author\/","identifier":1,"image":{"@type":"ImageObject","@id":"https:\/\/secure.gravatar.com\/avatar\/d6cba3ab97c30e0df0e32548954cb6b1550f4672bd3a4687bf1118b122d757e8?s=96&d=mm&r=g","url":"https:\/\/secure.gravatar.com\/avatar\/d6cba3ab97c30e0df0e32548954cb6b1550f4672bd3a4687bf1118b122d757e8?s=96&d=mm&r=g","height":96,"width":96}},"publisher":{"@type":"Organization","name":"proca.cz","logo":{"@type":"ImageObject","@id":"\/logo.png","url":"\/logo.png","width":600,"height":60}},"image":{"@type":"ImageObject","@id":"https:\/\/www.proca.cz\/wp-content\/uploads\/workstation-405768_640.jpg","url":"https:\/\/www.proca.cz\/wp-content\/uploads\/workstation-405768_640.jpg","height":0,"width":0},"url":"https:\/\/www.proca.cz\/hrnecky\/","about":["Zbo\u017e\u00ed"],"wordCount":435,"articleBody":"   Ka\u017ed\u00fd m\u00e1 r\u00e1d sv\u016fj obl\u00edben\u00fd hrnek, hrne\u010dek nebo velk\u00fd hrnek, kter\u00fd pojme i t\u0159i \u010dtvrt\u011b litru tekutiny. M\u016f\u017eete ka\u017ed\u00fd den p\u00edt velk\u00e9 mno\u017estv\u00ed sypan\u00fdch bylinkov\u00fdch \u010daj\u016f nebo si m\u016f\u017eete dop\u0159\u00e1vat pravidelnou denn\u00ed k\u00e1vu v pr\u00e1ci, kde v\u00e1m profesion\u00e1ln\u00ed k\u00e1vovar ud\u011bl\u00e1 jedine\u010dnou chu\u0165. N\u011bkte\u0159\u00ed si k\u00e1vu jen tak v pr\u00e1ci d\u00e1t nemohou, proto\u017ee jejich pracovn\u00ed pozice, to moc neumo\u017e\u0148uje. Proto si n\u011bkte\u0159\u00ed lid\u00e9 na svou denn\u00ed k\u00e1vu mus\u00ed po\u010dkat a\u017e dom\u016f, kde na n\u011b \u010dek\u00e1 jejich k\u00e1vovar anebo pij\u00ed jen k\u00e1vu rozpustnou \u010di tureckou k\u00e1vu. Proveden\u00ed k\u00e1vy a jejich va\u0159en\u00ed je odli\u0161n\u00e9. N\u011bkter\u00e9 k\u00e1vovary ud\u011blaj\u00ed ve\u0161kerou pr\u00e1ci za v\u00e1s, kde pomelou zrnkovou k\u00e1vu a p\u0159iprav\u00ed lahodn\u00fd \u0161\u00e1lek, bez k\u00e1vov\u00e9ho zbytku.Jin\u00e9 k\u00e1vy si m\u016f\u017eete ml\u00edt na vlastn\u00edm ml\u00fdnku, kter\u00fd dod\u00e1 k\u00e1v\u011b podstatn\u011b jinou vyv\u00e1\u017eenost a chu\u0165 ne\u017e velk\u00e9 p\u0159\u00edstrojov\u00e9 ma\u0161iny. Kdy\u017e si takhle pomelete k\u00e1vu, m\u016f\u017eete si j\u00ed p\u0159ecedit ve french press nebo si j\u00ed ud\u011blat i s k\u00e1vov\u00fdm zbytkem. M\u00e1te opravdu hodn\u011b na v\u00fdb\u011br. M\u016f\u017eete m\u00edt r\u00e1di espresso, cappuccino, latte macchiato a dal\u0161\u00ed k\u00e1vy, kter\u00e9 vyrob\u00ed jen k\u00e1vovary, jinak je s t\u00edm zbyte\u010dn\u011b moc pr\u00e1ce. Je jen na v\u00e1s co si po r\u00e1nu nebo odpoledne r\u00e1di d\u00e1v\u00e1te. M\u016f\u017eete m\u00edt zvyk, \u017ee po r\u00e1nu pijete kvalitn\u00ed sypan\u00fd \u010daj, kter\u00fd v\u00e1s nabud\u00ed, a odpoledne si dop\u0159ejete kvalitn\u00ed pra\u017eenou k\u00e1vu.Ov\u0161em, v obou p\u0159\u00edpadech j\u00ed mus\u00edte z n\u011b\u010deho p\u00edt. Ka\u017ed\u00e1 k\u00e1va si \u017e\u00e1d\u00e1 svou velikost hrne\u010dku nebo skleni\u010dky, aby k\u00e1vy bylo dostatek a nep\u0159etekla. M\u016f\u017eete m\u00edt sv\u00e9 obl\u00edben\u00e9 hrne\u010dky, kter\u00e9 budou z\u00e1rove\u0148 reklamn\u00edmi p\u0159edm\u011bty dan\u00e9 firmy, nebo m\u016f\u017eete m\u00edt jen se zaj\u00edmav\u00fdm logem, \u010di obr\u00e1zkem. Ka\u017ed\u00fd m\u00e1 ten jeden nebo dva obl\u00edben\u00e9, kter\u00e9 v\u017edy hled\u00e1 v kuchy\u0148sk\u00e9 lince, proto\u017ee se jim z nich dob\u0159e pije a n\u00e1poj jim z nich chutn\u00e1 daleko l\u00e9pe, ne\u017e z jin\u00fdch hrnk\u016f. M\u00e1te to taky tak? Nebo to jsou jen p\u0159edsudky? Posu\u010fte to samy, m\u00e1te sv\u016fj obl\u00edben\u00fd hrne\u010dek, kter\u00fd nem\u016f\u017ee m\u00edt nikdo jin\u00fd jen vy.                                                                                                                                                                                                                                                                                                                                                                                          3.5\/5 - (8 votes)        "},{"@context":"https:\/\/schema.org\/","@type":"BreadcrumbList","itemListElement":[{"@type":"ListItem","position":1,"name":"Hrne\u010dky.","item":"https:\/\/www.proca.cz\/hrnecky\/#breadcrumbitem"}]}]