[{"@context":"https:\/\/schema.org\/","@type":"Article","@id":"https:\/\/www.proca.cz\/cena-a-jakost\/#Article","mainEntityOfPage":"https:\/\/www.proca.cz\/cena-a-jakost\/","headline":"Cena a jakost","name":"Cena a jakost","description":"Na spoust\u011b m\u00edst internetu se p\u00ed\u0161e, \u017ee je zbo\u017e\u00ed druhu drogerie z N\u011bmecka levn\u011bj\u0161\u00ed a kvalitativn\u011b n\u011bkde naprosto jinde. Pro\u010d tot\u00e9\u017e nejde u n\u00e1s nen\u00ed zase tak moc velk\u00e1 z\u00e1hady. Tady se mus\u00ed \u0161et\u0159it, a proto se t\u0159eba do prac\u00edho pr\u00e1\u0161ku p\u0159id\u00e1 v\u00edce t\u011bch levn\u011bj\u0161\u00edch v\u011bc\u00ed, kter\u00e9 by tam snad ani b\u00fdt nem\u011bly. Ale jsou.... <div class=\"read-more\"><a href=\"https:\/\/www.proca.cz\/cena-a-jakost\/\">Read More<\/a><\/div>","datePublished":"2024-07-31","dateModified":"2024-07-31","author":{"@type":"Person","@id":"https:\/\/www.proca.cz\/author\/#Person","name":"","url":"https:\/\/www.proca.cz\/author\/","identifier":1,"image":{"@type":"ImageObject","@id":"https:\/\/secure.gravatar.com\/avatar\/d6cba3ab97c30e0df0e32548954cb6b1550f4672bd3a4687bf1118b122d757e8?s=96&d=mm&r=g","url":"https:\/\/secure.gravatar.com\/avatar\/d6cba3ab97c30e0df0e32548954cb6b1550f4672bd3a4687bf1118b122d757e8?s=96&d=mm&r=g","height":96,"width":96}},"publisher":{"@type":"Organization","name":"proca.cz","logo":{"@type":"ImageObject","@id":"\/logo.png","url":"\/logo.png","width":600,"height":60}},"image":{"@type":"ImageObject","@id":"https:\/\/www.proca.cz\/wp-content\/uploads\/washing-powder-1500058_640.jpg","url":"https:\/\/www.proca.cz\/wp-content\/uploads\/washing-powder-1500058_640.jpg","height":0,"width":0},"url":"https:\/\/www.proca.cz\/cena-a-jakost\/","about":["Politika"],"wordCount":459,"articleBody":"Na spoust\u011b m\u00edst internetu se p\u00ed\u0161e, \u017ee je zbo\u017e\u00ed druhu drogerie z N\u011bmecka levn\u011bj\u0161\u00ed a kvalitativn\u011b n\u011bkde naprosto jinde. Pro\u010d tot\u00e9\u017e nejde u n\u00e1s nen\u00ed zase tak moc velk\u00e1 z\u00e1hady. Tady se mus\u00ed \u0161et\u0159it, a proto se t\u0159eba do prac\u00edho pr\u00e1\u0161ku p\u0159id\u00e1 v\u00edce t\u011bch levn\u011bj\u0161\u00edch v\u011bc\u00ed, kter\u00e9 by tam snad ani b\u00fdt nem\u011bly. Ale jsou. Jen\u017ee co s t\u00edm? Vl\u00e1da tvrd\u00ed, \u017ee s t\u00edm nic d\u011blat nem\u016f\u017ee, je to \u010dist\u011b v\u011bc v\u00fdrobce. Zaj\u00edmav\u00e9, \u017ee jinde m\u016f\u017ee vl\u00e1da kecat do \u010dehokoli. Stejn\u00e9mu v\u00fdrobci p\u0159ik\u00e1\u017ee nap\u0159\u00edklad objem zak\u00e1zek a kam je poslat, ale do toho dal\u0161\u00edho nem\u00edn\u00ed mluvit. Nutn\u011b se pak nab\u00edz\u00ed my\u0161lenka, \u017ee v tom maj\u00ed tak\u00e9 svou pol\u00edv\u010di\u010dku, kterou si drob\u00e1tko oh\u0159\u00edvaj\u00ed. Netvrd\u00edm, \u017ee je to faktotum, tvrd\u00edm jen, \u017ee se takov\u00e1 my\u0161lenka nab\u00edz\u00ed. \u00a0Se zbo\u017e\u00edm je to stejn\u00e9 jako s lidmi. Nem\u016f\u017ee b\u00fdt ka\u017ed\u00fd nej a nem\u016f\u017ee ani v\u0161echno v\u011bd\u011bt. Na to zde m\u00e1me supermany a podobn\u00e9 nesmysly. Proto ani na\u0161i zemi nemohou takov\u00ed lid\u00e9 \u0159\u00eddit. Proto\u017ee nejsou. \u010clov\u011bk je tvor omyln\u00fd. Kupuje si rad\u011bji zbo\u017e\u00ed ze zahrani\u010d\u00ed, m\u00edsto aby podpo\u0159il \u010deskou v\u00fdrobu. Pak je ov\u0161em jasn\u00e9, \u017ee m\u00edstn\u00ed v\u00fdrobce mus\u00ed zdra\u017eovat, aby si vyd\u011blal. Proto stoj\u00ed krabice prac\u00edho pr\u00e1\u0161ku dvojn\u00e1sobek ne\u017e jinde. Inu, to je ta politika prodeje. Nebo v\u00fdroby?\u00a0Mo\u017en\u00e1 je to opravdu jen t\u00edm, \u017ee tady nic neum\u00edme? Nebo tak\u00e9 nechceme? Kdysi prad\u00e1vno, snad je\u0161t\u011b za komunist\u016f se \u0159\u00edkal vtip o tom, jak\u00fd je rozd\u00edl mezi ba\u010dou \u0161v\u00fdcarsk\u00fdm a cik\u00e1nsk\u00fdm. Ten prvn\u00ed nen\u00e1padn\u011b zkoum\u00e1 u toho druh\u00e9ho, pro\u010d mu to jde l\u00e9pe a pro\u010d prod\u00e1 v\u00edce ovc\u00ed. A sna\u017e\u00ed se to d\u011blat stejn\u011b, nebo rad\u011bji je\u0161t\u011b l\u00e9pe. Ten druh\u00fd tak\u00e9 zkoum\u00e1 u toho prvn\u00edho v opa\u010dn\u00e9m p\u0159\u00edpad\u011b. Tedy kdy\u017e prod\u00e1v\u00e1 v\u00edce ovc\u00ed on. Ale on mu je otr\u00e1v\u00ed, aby on s\u00e1m jich prodal v\u00edce. Dva lid\u00e9, dva p\u0159\u00edstupy. Dva lid\u00e9, dva postupy v\u00fdroby a dv\u011b naprosto r\u016fzn\u00e9 ceny. Je na na ka\u017ed\u00e9m, aby to cel\u00e9 zv\u00e1\u017eil a je tak\u00e9 \u010dist\u011b jeho v\u011bc kde bude nakupovat. A vl\u00e1da ji\u017e chyst\u00e1 kroky, jak to ud\u011blat, aby se kupoval n\u00e1\u0161 v\u00fdrobek. Ne, zlev\u0148ovat se nebude, ani se nezkvalitn\u00ed v\u00fdroba. Budete p\u0159ekvapeni.\u00a0                                                                                                                                                                                                                                                                                                                                                                                        3.4\/5 - (8 votes)        "},{"@context":"https:\/\/schema.org\/","@type":"BreadcrumbList","itemListElement":[{"@type":"ListItem","position":1,"name":"Cena a jakost","item":"https:\/\/www.proca.cz\/cena-a-jakost\/#breadcrumbitem"}]}]