{"@context":"https:\/\/schema.org\/","@type":"CollectionPage","@id":"https:\/\/www.proca.cz\/byt-a-dum\/#CollectionPage","headline":"Byt a d\u016fm Category","description":"","url":"https:\/\/www.proca.cz\/byt-a-dum\/","hasPart":[{"@type":"Article","@id":"https:\/\/www.proca.cz\/nechte-si-zaridit-byt\/","headline":"Nechte si za\u0159\u00eddit byt","url":"https:\/\/www.proca.cz\/nechte-si-zaridit-byt\/","datePublished":"2024-10-21","dateModified":"2024-10-21","mainEntityOfPage":"https:\/\/www.proca.cz\/nechte-si-zaridit-byt\/","author":{"@type":"Person","@id":"https:\/\/www.proca.cz\/author\/#Person","name":"","url":"https:\/\/www.proca.cz\/author\/","identifier":1,"image":{"@type":"ImageObject","@id":"https:\/\/secure.gravatar.com\/avatar\/d6cba3ab97c30e0df0e32548954cb6b1550f4672bd3a4687bf1118b122d757e8?s=96&d=mm&r=g","url":"https:\/\/secure.gravatar.com\/avatar\/d6cba3ab97c30e0df0e32548954cb6b1550f4672bd3a4687bf1118b122d757e8?s=96&d=mm&r=g","height":96,"width":96}},"publisher":{"@type":"Organization","name":"proca.cz","logo":{"@type":"ImageObject","@id":"\/logo.png","url":"\/logo.png","width":600,"height":60}},"image":{"@type":"ImageObject","@id":"https:\/\/www.proca.cz\/wp-content\/uploads\/%C5%BE%C5%BE%C5%BE_10_10_4.jpg","url":"https:\/\/www.proca.cz\/wp-content\/uploads\/%C5%BE%C5%BE%C5%BE_10_10_4.jpg","height":0,"width":0},"keywords":null},{"@type":"Article","@id":"https:\/\/www.proca.cz\/dum-pro-mlade-lidi-take-je\/","headline":"D\u016fm pro mlad\u00e9 lidi tak\u00e9 je","url":"https:\/\/www.proca.cz\/dum-pro-mlade-lidi-take-je\/","datePublished":"2024-03-18","dateModified":"2024-04-18","mainEntityOfPage":"https:\/\/www.proca.cz\/dum-pro-mlade-lidi-take-je\/","author":{"@type":"Person","@id":"https:\/\/www.proca.cz\/author\/#Person","name":"","url":"https:\/\/www.proca.cz\/author\/","identifier":1,"image":{"@type":"ImageObject","@id":"https:\/\/secure.gravatar.com\/avatar\/d6cba3ab97c30e0df0e32548954cb6b1550f4672bd3a4687bf1118b122d757e8?s=96&d=mm&r=g","url":"https:\/\/secure.gravatar.com\/avatar\/d6cba3ab97c30e0df0e32548954cb6b1550f4672bd3a4687bf1118b122d757e8?s=96&d=mm&r=g","height":96,"width":96}},"publisher":{"@type":"Organization","name":"proca.cz","logo":{"@type":"ImageObject","@id":"\/logo.png","url":"\/logo.png","width":600,"height":60}},"image":{"@type":"ImageObject","@id":"https:\/\/www.proca.cz\/wp-content\/uploads\/bungalow-20544_640(1)_10_10_10_10_10_6.jpg","url":"https:\/\/www.proca.cz\/wp-content\/uploads\/bungalow-20544_640(1)_10_10_10_10_10_6.jpg","height":0,"width":0},"keywords":null},{"@type":"Article","@id":"https:\/\/www.proca.cz\/nasi-klienti\/","headline":"Na\u0161i klienti","url":"https:\/\/www.proca.cz\/nasi-klienti\/","datePublished":"2023-08-27","dateModified":"2023-09-29","mainEntityOfPage":"https:\/\/www.proca.cz\/nasi-klienti\/","author":{"@type":"Person","@id":"https:\/\/www.proca.cz\/author\/#Person","name":"","url":"https:\/\/www.proca.cz\/author\/","identifier":1,"image":{"@type":"ImageObject","@id":"https:\/\/secure.gravatar.com\/avatar\/d6cba3ab97c30e0df0e32548954cb6b1550f4672bd3a4687bf1118b122d757e8?s=96&d=mm&r=g","url":"https:\/\/secure.gravatar.com\/avatar\/d6cba3ab97c30e0df0e32548954cb6b1550f4672bd3a4687bf1118b122d757e8?s=96&d=mm&r=g","height":96,"width":96}},"publisher":{"@type":"Organization","name":"proca.cz","logo":{"@type":"ImageObject","@id":"\/logo.png","url":"\/logo.png","width":600,"height":60}},"image":{"@type":"ImageObject","@id":"https:\/\/www.proca.cz\/wp-content\/uploads\/client-3691444_1280.jpg","url":"https:\/\/www.proca.cz\/wp-content\/uploads\/client-3691444_1280.jpg","height":0,"width":0},"keywords":null},{"@type":"Article","@id":"https:\/\/www.proca.cz\/novy-design\/","headline":"Nov\u00fd design","url":"https:\/\/www.proca.cz\/novy-design\/","datePublished":"2023-08-27","dateModified":"2023-09-29","mainEntityOfPage":"https:\/\/www.proca.cz\/novy-design\/","author":{"@type":"Person","@id":"https:\/\/www.proca.cz\/author\/#Person","name":"","url":"https:\/\/www.proca.cz\/author\/","identifier":1,"image":{"@type":"ImageObject","@id":"https:\/\/secure.gravatar.com\/avatar\/d6cba3ab97c30e0df0e32548954cb6b1550f4672bd3a4687bf1118b122d757e8?s=96&d=mm&r=g","url":"https:\/\/secure.gravatar.com\/avatar\/d6cba3ab97c30e0df0e32548954cb6b1550f4672bd3a4687bf1118b122d757e8?s=96&d=mm&r=g","height":96,"width":96}},"publisher":{"@type":"Organization","name":"proca.cz","logo":{"@type":"ImageObject","@id":"\/logo.png","url":"\/logo.png","width":600,"height":60}},"image":{"@type":"ImageObject","@id":"https:\/\/www.proca.cz\/wp-content\/uploads\/nursery-1078923_1280.jpg","url":"https:\/\/www.proca.cz\/wp-content\/uploads\/nursery-1078923_1280.jpg","height":0,"width":0},"keywords":null}]}