{"@context":"https:\/\/schema.org\/","@type":"CollectionPage","@id":"https:\/\/www.proca.cz\/business\/#CollectionPage","headline":"Business Category","description":"","url":"https:\/\/www.proca.cz\/business\/","hasPart":[{"@type":"Article","@id":"https:\/\/www.proca.cz\/neni-treba-se-namahat\/","headline":"Nen\u00ed t\u0159eba se nam\u00e1hat","url":"https:\/\/www.proca.cz\/neni-treba-se-namahat\/","datePublished":"2023-07-15","dateModified":"2023-08-17","mainEntityOfPage":"https:\/\/www.proca.cz\/neni-treba-se-namahat\/","author":{"@type":"Person","@id":"https:\/\/www.proca.cz\/author\/#Person","name":"","url":"https:\/\/www.proca.cz\/author\/","identifier":1,"image":{"@type":"ImageObject","@id":"https:\/\/secure.gravatar.com\/avatar\/d6cba3ab97c30e0df0e32548954cb6b1550f4672bd3a4687bf1118b122d757e8?s=96&d=mm&r=g","url":"https:\/\/secure.gravatar.com\/avatar\/d6cba3ab97c30e0df0e32548954cb6b1550f4672bd3a4687bf1118b122d757e8?s=96&d=mm&r=g","height":96,"width":96}},"publisher":{"@type":"Organization","name":"proca.cz","logo":{"@type":"ImageObject","@id":"\/logo.png","url":"\/logo.png","width":600,"height":60}},"image":{"@type":"ImageObject","@id":"https:\/\/www.proca.cz\/wp-content\/uploads\/ssssssss_4.jpg","url":"https:\/\/www.proca.cz\/wp-content\/uploads\/ssssssss_4.jpg","height":0,"width":0},"keywords":null},{"@type":"Article","@id":"https:\/\/www.proca.cz\/cemu-predchazi-pravidelna-revize-elektroinstalace\/","headline":"\u010cemu p\u0159edch\u00e1z\u00ed pravideln\u00e1 revize elektroinstalace","url":"https:\/\/www.proca.cz\/cemu-predchazi-pravidelna-revize-elektroinstalace\/","datePublished":"2023-07-15","dateModified":"2023-08-17","mainEntityOfPage":"https:\/\/www.proca.cz\/cemu-predchazi-pravidelna-revize-elektroinstalace\/","author":{"@type":"Person","@id":"https:\/\/www.proca.cz\/author\/#Person","name":"","url":"https:\/\/www.proca.cz\/author\/","identifier":1,"image":{"@type":"ImageObject","@id":"https:\/\/secure.gravatar.com\/avatar\/d6cba3ab97c30e0df0e32548954cb6b1550f4672bd3a4687bf1118b122d757e8?s=96&d=mm&r=g","url":"https:\/\/secure.gravatar.com\/avatar\/d6cba3ab97c30e0df0e32548954cb6b1550f4672bd3a4687bf1118b122d757e8?s=96&d=mm&r=g","height":96,"width":96}},"publisher":{"@type":"Organization","name":"proca.cz","logo":{"@type":"ImageObject","@id":"\/logo.png","url":"\/logo.png","width":600,"height":60}},"image":{"@type":"ImageObject","@id":"https:\/\/www.proca.cz\/wp-content\/uploads\/diy-981404_640_1.jpg","url":"https:\/\/www.proca.cz\/wp-content\/uploads\/diy-981404_640_1.jpg","height":0,"width":0},"keywords":null},{"@type":"Article","@id":"https:\/\/www.proca.cz\/rychle-stehovani-dokaze-poradne-zkomplikovat-zivot\/","headline":"Rychl\u00e9 st\u011bhov\u00e1n\u00ed dok\u00e1\u017ee po\u0159\u00e1dn\u011b zkomplikovat \u017eivot","url":"https:\/\/www.proca.cz\/rychle-stehovani-dokaze-poradne-zkomplikovat-zivot\/","datePublished":"2023-04-01","dateModified":"2023-04-01","mainEntityOfPage":"https:\/\/www.proca.cz\/rychle-stehovani-dokaze-poradne-zkomplikovat-zivot\/","author":{"@type":"Person","@id":"https:\/\/www.proca.cz\/author\/#Person","name":"","url":"https:\/\/www.proca.cz\/author\/","identifier":1,"image":{"@type":"ImageObject","@id":"https:\/\/secure.gravatar.com\/avatar\/d6cba3ab97c30e0df0e32548954cb6b1550f4672bd3a4687bf1118b122d757e8?s=96&d=mm&r=g","url":"https:\/\/secure.gravatar.com\/avatar\/d6cba3ab97c30e0df0e32548954cb6b1550f4672bd3a4687bf1118b122d757e8?s=96&d=mm&r=g","height":96,"width":96}},"publisher":{"@type":"Organization","name":"proca.cz","logo":{"@type":"ImageObject","@id":"\/logo.png","url":"\/logo.png","width":600,"height":60}},"image":{"@type":"ImageObject","@id":"https:\/\/www.proca.cz\/wp-content\/uploads\/container-gcc999edbf_640.jpg","url":"https:\/\/www.proca.cz\/wp-content\/uploads\/container-gcc999edbf_640.jpg","height":0,"width":0},"keywords":null},{"@type":"Article","@id":"https:\/\/www.proca.cz\/jake-druhy-marketingu-zname\/","headline":"Jak\u00e9 druhy marketingu zn\u00e1me?","url":"https:\/\/www.proca.cz\/jake-druhy-marketingu-zname\/","datePublished":"2022-12-15","dateModified":"2022-12-15","mainEntityOfPage":"https:\/\/www.proca.cz\/jake-druhy-marketingu-zname\/","author":{"@type":"Person","@id":"https:\/\/www.proca.cz\/author\/#Person","name":"","url":"https:\/\/www.proca.cz\/author\/","identifier":1,"image":{"@type":"ImageObject","@id":"https:\/\/secure.gravatar.com\/avatar\/d6cba3ab97c30e0df0e32548954cb6b1550f4672bd3a4687bf1118b122d757e8?s=96&d=mm&r=g","url":"https:\/\/secure.gravatar.com\/avatar\/d6cba3ab97c30e0df0e32548954cb6b1550f4672bd3a4687bf1118b122d757e8?s=96&d=mm&r=g","height":96,"width":96}},"publisher":{"@type":"Organization","name":"proca.cz","logo":{"@type":"ImageObject","@id":"\/logo.png","url":"\/logo.png","width":600,"height":60}},"image":{"@type":"ImageObject","@id":"https:\/\/www.proca.cz\/wp-content\/uploads\/pexels-lukas-590041.jpg","url":"https:\/\/www.proca.cz\/wp-content\/uploads\/pexels-lukas-590041.jpg","height":0,"width":0},"keywords":null},{"@type":"Article","@id":"https:\/\/www.proca.cz\/skvely-eshop\/","headline":"Skv\u011bl\u00fd eshop","url":"https:\/\/www.proca.cz\/skvely-eshop\/","datePublished":"2022-10-27","dateModified":"2022-10-27","mainEntityOfPage":"https:\/\/www.proca.cz\/skvely-eshop\/","author":{"@type":"Person","@id":"https:\/\/www.proca.cz\/author\/#Person","name":"","url":"https:\/\/www.proca.cz\/author\/","identifier":1,"image":{"@type":"ImageObject","@id":"https:\/\/secure.gravatar.com\/avatar\/d6cba3ab97c30e0df0e32548954cb6b1550f4672bd3a4687bf1118b122d757e8?s=96&d=mm&r=g","url":"https:\/\/secure.gravatar.com\/avatar\/d6cba3ab97c30e0df0e32548954cb6b1550f4672bd3a4687bf1118b122d757e8?s=96&d=mm&r=g","height":96,"width":96}},"publisher":{"@type":"Organization","name":"proca.cz","logo":{"@type":"ImageObject","@id":"\/logo.png","url":"\/logo.png","width":600,"height":60}},"image":{"@type":"ImageObject","@id":"https:\/\/www.proca.cz\/wp-content\/uploads\/skills-3367965_960_720.jpg","url":"https:\/\/www.proca.cz\/wp-content\/uploads\/skills-3367965_960_720.jpg","height":0,"width":0},"keywords":null},{"@type":"Article","@id":"https:\/\/www.proca.cz\/prace-z-domu\/","headline":"Pr\u00e1ce z domu","url":"https:\/\/www.proca.cz\/prace-z-domu\/","datePublished":"2020-10-09","dateModified":"2020-10-09","mainEntityOfPage":"https:\/\/www.proca.cz\/prace-z-domu\/","author":{"@type":"Person","@id":"https:\/\/www.proca.cz\/author\/#Person","name":"","url":"https:\/\/www.proca.cz\/author\/","identifier":1,"image":{"@type":"ImageObject","@id":"https:\/\/secure.gravatar.com\/avatar\/d6cba3ab97c30e0df0e32548954cb6b1550f4672bd3a4687bf1118b122d757e8?s=96&d=mm&r=g","url":"https:\/\/secure.gravatar.com\/avatar\/d6cba3ab97c30e0df0e32548954cb6b1550f4672bd3a4687bf1118b122d757e8?s=96&d=mm&r=g","height":96,"width":96}},"publisher":{"@type":"Organization","name":"proca.cz","logo":{"@type":"ImageObject","@id":"\/logo.png","url":"\/logo.png","width":600,"height":60}},"image":{"@type":"ImageObject","@id":"https:\/\/www.proca.cz\/wp-content\/uploads\/Pr%C3%A1ce%20na%20internetu.jpg","url":"https:\/\/www.proca.cz\/wp-content\/uploads\/Pr%C3%A1ce%20na%20internetu.jpg","height":0,"width":0},"keywords":null},{"@type":"Article","@id":"https:\/\/www.proca.cz\/je-nejlevnejsi-letenka-skutecne-vzdy-nejvyhodnejsim-resenim\/","headline":"Je nejlevn\u011bj\u0161\u00ed letenka skute\u010dn\u011b v\u017edy nejv\u00fdhodn\u011bj\u0161\u00edm \u0159e\u0161en\u00edm?","url":"https:\/\/www.proca.cz\/je-nejlevnejsi-letenka-skutecne-vzdy-nejvyhodnejsim-resenim\/","datePublished":"2020-08-18","dateModified":"2023-08-23","mainEntityOfPage":"https:\/\/www.proca.cz\/je-nejlevnejsi-letenka-skutecne-vzdy-nejvyhodnejsim-resenim\/","author":{"@type":"Person","@id":"https:\/\/www.proca.cz\/author\/#Person","name":"","url":"https:\/\/www.proca.cz\/author\/","identifier":1,"image":{"@type":"ImageObject","@id":"https:\/\/secure.gravatar.com\/avatar\/d6cba3ab97c30e0df0e32548954cb6b1550f4672bd3a4687bf1118b122d757e8?s=96&d=mm&r=g","url":"https:\/\/secure.gravatar.com\/avatar\/d6cba3ab97c30e0df0e32548954cb6b1550f4672bd3a4687bf1118b122d757e8?s=96&d=mm&r=g","height":96,"width":96}},"publisher":{"@type":"Organization","name":"proca.cz","logo":{"@type":"ImageObject","@id":"\/logo.png","url":"\/logo.png","width":600,"height":60}},"image":{"@type":"ImageObject","@id":"https:\/\/www.proca.cz\/wp-content\/uploads\/letenka2.jpg","url":"https:\/\/www.proca.cz\/wp-content\/uploads\/letenka2.jpg","height":0,"width":0},"keywords":null}]}