{"@context":"https:\/\/schema.org\/","@type":"CollectionPage","@id":"https:\/\/www.proca.cz\/business\/#CollectionPage","headline":"Business Category","description":"","url":"https:\/\/www.proca.cz\/business\/","hasPart":[{"@type":"Article","@id":"https:\/\/www.proca.cz\/pozorujte-jihocesky-kraj-z-vysky\/","headline":"Pozorujte jiho\u010desk\u00fd kraj z v\u00fd\u0161ky","url":"https:\/\/www.proca.cz\/pozorujte-jihocesky-kraj-z-vysky\/","datePublished":"2023-09-23","dateModified":"2023-10-31","mainEntityOfPage":"https:\/\/www.proca.cz\/pozorujte-jihocesky-kraj-z-vysky\/","author":{"@type":"Person","@id":"https:\/\/www.proca.cz\/author\/#Person","name":"","url":"https:\/\/www.proca.cz\/author\/","identifier":1,"image":{"@type":"ImageObject","@id":"https:\/\/secure.gravatar.com\/avatar\/d6cba3ab97c30e0df0e32548954cb6b1550f4672bd3a4687bf1118b122d757e8?s=96&d=mm&r=g","url":"https:\/\/secure.gravatar.com\/avatar\/d6cba3ab97c30e0df0e32548954cb6b1550f4672bd3a4687bf1118b122d757e8?s=96&d=mm&r=g","height":96,"width":96}},"publisher":{"@type":"Organization","name":"proca.cz","logo":{"@type":"ImageObject","@id":"\/logo.png","url":"\/logo.png","width":600,"height":60}},"image":{"@type":"ImageObject","@id":"https:\/\/www.proca.cz\/wp-content\/uploads\/hans-isaacson-GHIImz0J4lI-unsplash.jpg","url":"https:\/\/www.proca.cz\/wp-content\/uploads\/hans-isaacson-GHIImz0J4lI-unsplash.jpg","height":0,"width":0},"keywords":null},{"@type":"Article","@id":"https:\/\/www.proca.cz\/jak-na-zdrave-zuby\/","headline":"Jak na zdrav\u00e9 zuby?","url":"https:\/\/www.proca.cz\/jak-na-zdrave-zuby\/","datePublished":"2023-09-20","dateModified":"2023-10-23","mainEntityOfPage":"https:\/\/www.proca.cz\/jak-na-zdrave-zuby\/","author":{"@type":"Person","@id":"https:\/\/www.proca.cz\/author\/#Person","name":"","url":"https:\/\/www.proca.cz\/author\/","identifier":1,"image":{"@type":"ImageObject","@id":"https:\/\/secure.gravatar.com\/avatar\/d6cba3ab97c30e0df0e32548954cb6b1550f4672bd3a4687bf1118b122d757e8?s=96&d=mm&r=g","url":"https:\/\/secure.gravatar.com\/avatar\/d6cba3ab97c30e0df0e32548954cb6b1550f4672bd3a4687bf1118b122d757e8?s=96&d=mm&r=g","height":96,"width":96}},"publisher":{"@type":"Organization","name":"proca.cz","logo":{"@type":"ImageObject","@id":"\/logo.png","url":"\/logo.png","width":600,"height":60}},"image":{"@type":"ImageObject","@id":"https:\/\/www.proca.cz\/wp-content\/uploads\/pexels-greta-hoffman-9475393_2.jpg","url":"https:\/\/www.proca.cz\/wp-content\/uploads\/pexels-greta-hoffman-9475393_2.jpg","height":0,"width":0},"keywords":null},{"@type":"Article","@id":"https:\/\/www.proca.cz\/uspora-na-vytapeni-domu-muze-zacit-od-podlahy\/","headline":"\u00daspora na vyt\u00e1p\u011bn\u00ed domu m\u016f\u017ee za\u010d\u00edt od podlahy","url":"https:\/\/www.proca.cz\/uspora-na-vytapeni-domu-muze-zacit-od-podlahy\/","datePublished":"2023-09-20","dateModified":"2023-10-23","mainEntityOfPage":"https:\/\/www.proca.cz\/uspora-na-vytapeni-domu-muze-zacit-od-podlahy\/","author":{"@type":"Person","@id":"https:\/\/www.proca.cz\/author\/#Person","name":"","url":"https:\/\/www.proca.cz\/author\/","identifier":1,"image":{"@type":"ImageObject","@id":"https:\/\/secure.gravatar.com\/avatar\/d6cba3ab97c30e0df0e32548954cb6b1550f4672bd3a4687bf1118b122d757e8?s=96&d=mm&r=g","url":"https:\/\/secure.gravatar.com\/avatar\/d6cba3ab97c30e0df0e32548954cb6b1550f4672bd3a4687bf1118b122d757e8?s=96&d=mm&r=g","height":96,"width":96}},"publisher":{"@type":"Organization","name":"proca.cz","logo":{"@type":"ImageObject","@id":"\/logo.png","url":"\/logo.png","width":600,"height":60}},"image":{"@type":"ImageObject","@id":"https:\/\/www.proca.cz\/wp-content\/uploads\/radiator-250558_640_8.jpg","url":"https:\/\/www.proca.cz\/wp-content\/uploads\/radiator-250558_640_8.jpg","height":0,"width":0},"keywords":null},{"@type":"Article","@id":"https:\/\/www.proca.cz\/v-jakem-stavu-je-odvetravani-vaseho-bytoveho-domu\/","headline":"V jak\u00e9m stavu je odv\u011btr\u00e1v\u00e1n\u00ed va\u0161eho bytov\u00e9ho domu","url":"https:\/\/www.proca.cz\/v-jakem-stavu-je-odvetravani-vaseho-bytoveho-domu\/","datePublished":"2023-09-20","dateModified":"2023-10-23","mainEntityOfPage":"https:\/\/www.proca.cz\/v-jakem-stavu-je-odvetravani-vaseho-bytoveho-domu\/","author":{"@type":"Person","@id":"https:\/\/www.proca.cz\/author\/#Person","name":"","url":"https:\/\/www.proca.cz\/author\/","identifier":1,"image":{"@type":"ImageObject","@id":"https:\/\/secure.gravatar.com\/avatar\/d6cba3ab97c30e0df0e32548954cb6b1550f4672bd3a4687bf1118b122d757e8?s=96&d=mm&r=g","url":"https:\/\/secure.gravatar.com\/avatar\/d6cba3ab97c30e0df0e32548954cb6b1550f4672bd3a4687bf1118b122d757e8?s=96&d=mm&r=g","height":96,"width":96}},"publisher":{"@type":"Organization","name":"proca.cz","logo":{"@type":"ImageObject","@id":"\/logo.png","url":"\/logo.png","width":600,"height":60}},"image":{"@type":"ImageObject","@id":"https:\/\/www.proca.cz\/wp-content\/uploads\/residential-complex-6996596_640.jpg","url":"https:\/\/www.proca.cz\/wp-content\/uploads\/residential-complex-6996596_640.jpg","height":0,"width":0},"keywords":null},{"@type":"Article","@id":"https:\/\/www.proca.cz\/jak-lehke-je-zbavit-se-skvrny\/","headline":"Jak lehk\u00e9 je zbavit se skvrny.","url":"https:\/\/www.proca.cz\/jak-lehke-je-zbavit-se-skvrny\/","datePublished":"2023-09-19","dateModified":"2023-10-23","mainEntityOfPage":"https:\/\/www.proca.cz\/jak-lehke-je-zbavit-se-skvrny\/","author":{"@type":"Person","@id":"https:\/\/www.proca.cz\/author\/#Person","name":"","url":"https:\/\/www.proca.cz\/author\/","identifier":1,"image":{"@type":"ImageObject","@id":"https:\/\/secure.gravatar.com\/avatar\/d6cba3ab97c30e0df0e32548954cb6b1550f4672bd3a4687bf1118b122d757e8?s=96&d=mm&r=g","url":"https:\/\/secure.gravatar.com\/avatar\/d6cba3ab97c30e0df0e32548954cb6b1550f4672bd3a4687bf1118b122d757e8?s=96&d=mm&r=g","height":96,"width":96}},"publisher":{"@type":"Organization","name":"proca.cz","logo":{"@type":"ImageObject","@id":"\/logo.png","url":"\/logo.png","width":600,"height":60}},"image":{"@type":"ImageObject","@id":"https:\/\/www.proca.cz\/wp-content\/uploads\/clay-banks-cEzMOp5FtV4-unsplash.jpg","url":"https:\/\/www.proca.cz\/wp-content\/uploads\/clay-banks-cEzMOp5FtV4-unsplash.jpg","height":0,"width":0},"keywords":null},{"@type":"Article","@id":"https:\/\/www.proca.cz\/zacnete-novy-zivot\/","headline":"Za\u010dn\u011bte nov\u00fd \u017eivot","url":"https:\/\/www.proca.cz\/zacnete-novy-zivot\/","datePublished":"2023-08-25","dateModified":"2023-09-26","mainEntityOfPage":"https:\/\/www.proca.cz\/zacnete-novy-zivot\/","author":{"@type":"Person","@id":"https:\/\/www.proca.cz\/author\/#Person","name":"","url":"https:\/\/www.proca.cz\/author\/","identifier":1,"image":{"@type":"ImageObject","@id":"https:\/\/secure.gravatar.com\/avatar\/d6cba3ab97c30e0df0e32548954cb6b1550f4672bd3a4687bf1118b122d757e8?s=96&d=mm&r=g","url":"https:\/\/secure.gravatar.com\/avatar\/d6cba3ab97c30e0df0e32548954cb6b1550f4672bd3a4687bf1118b122d757e8?s=96&d=mm&r=g","height":96,"width":96}},"publisher":{"@type":"Organization","name":"proca.cz","logo":{"@type":"ImageObject","@id":"\/logo.png","url":"\/logo.png","width":600,"height":60}},"image":{"@type":"ImageObject","@id":"https:\/\/www.proca.cz\/wp-content\/uploads\/split-1585464_640_10_10_6.jpg","url":"https:\/\/www.proca.cz\/wp-content\/uploads\/split-1585464_640_10_10_6.jpg","height":0,"width":0},"keywords":null},{"@type":"Article","@id":"https:\/\/www.proca.cz\/jake-vyhody-ma-3d-prezentace-pri-koupi-nemovitosti\/","headline":"Jak\u00e9 v\u00fdhody m\u00e1 3D prezentace p\u0159i koupi nemovitosti","url":"https:\/\/www.proca.cz\/jake-vyhody-ma-3d-prezentace-pri-koupi-nemovitosti\/","datePublished":"2023-08-25","dateModified":"2023-09-26","mainEntityOfPage":"https:\/\/www.proca.cz\/jake-vyhody-ma-3d-prezentace-pri-koupi-nemovitosti\/","author":{"@type":"Person","@id":"https:\/\/www.proca.cz\/author\/#Person","name":"","url":"https:\/\/www.proca.cz\/author\/","identifier":1,"image":{"@type":"ImageObject","@id":"https:\/\/secure.gravatar.com\/avatar\/d6cba3ab97c30e0df0e32548954cb6b1550f4672bd3a4687bf1118b122d757e8?s=96&d=mm&r=g","url":"https:\/\/secure.gravatar.com\/avatar\/d6cba3ab97c30e0df0e32548954cb6b1550f4672bd3a4687bf1118b122d757e8?s=96&d=mm&r=g","height":96,"width":96}},"publisher":{"@type":"Organization","name":"proca.cz","logo":{"@type":"ImageObject","@id":"\/logo.png","url":"\/logo.png","width":600,"height":60}},"image":{"@type":"ImageObject","@id":"https:\/\/www.proca.cz\/wp-content\/uploads\/dum1_4.jpg","url":"https:\/\/www.proca.cz\/wp-content\/uploads\/dum1_4.jpg","height":0,"width":0},"keywords":null},{"@type":"Article","@id":"https:\/\/www.proca.cz\/letni-moda-se-specialni-slevou\/","headline":"Letn\u00ed m\u00f3da se speci\u00e1ln\u00ed slevou","url":"https:\/\/www.proca.cz\/letni-moda-se-specialni-slevou\/","datePublished":"2023-08-21","dateModified":"2023-09-21","mainEntityOfPage":"https:\/\/www.proca.cz\/letni-moda-se-specialni-slevou\/","author":{"@type":"Person","@id":"https:\/\/www.proca.cz\/author\/#Person","name":"","url":"https:\/\/www.proca.cz\/author\/","identifier":1,"image":{"@type":"ImageObject","@id":"https:\/\/secure.gravatar.com\/avatar\/d6cba3ab97c30e0df0e32548954cb6b1550f4672bd3a4687bf1118b122d757e8?s=96&d=mm&r=g","url":"https:\/\/secure.gravatar.com\/avatar\/d6cba3ab97c30e0df0e32548954cb6b1550f4672bd3a4687bf1118b122d757e8?s=96&d=mm&r=g","height":96,"width":96}},"publisher":{"@type":"Organization","name":"proca.cz","logo":{"@type":"ImageObject","@id":"\/logo.png","url":"\/logo.png","width":600,"height":60}},"image":{"@type":"ImageObject","@id":"https:\/\/www.proca.cz\/wp-content\/uploads\/pexels-armin-rimoldi-5269897_1.jpg","url":"https:\/\/www.proca.cz\/wp-content\/uploads\/pexels-armin-rimoldi-5269897_1.jpg","height":0,"width":0},"keywords":null},{"@type":"Article","@id":"https:\/\/www.proca.cz\/kde-sehnat-vhodne-plesove-saty\/","headline":"Kde sehnat vhodn\u00e9 plesov\u00e9 \u0161aty?","url":"https:\/\/www.proca.cz\/kde-sehnat-vhodne-plesove-saty\/","datePublished":"2023-08-03","dateModified":"2023-08-03","mainEntityOfPage":"https:\/\/www.proca.cz\/kde-sehnat-vhodne-plesove-saty\/","author":{"@type":"Person","@id":"https:\/\/www.proca.cz\/author\/#Person","name":"","url":"https:\/\/www.proca.cz\/author\/","identifier":1,"image":{"@type":"ImageObject","@id":"https:\/\/secure.gravatar.com\/avatar\/d6cba3ab97c30e0df0e32548954cb6b1550f4672bd3a4687bf1118b122d757e8?s=96&d=mm&r=g","url":"https:\/\/secure.gravatar.com\/avatar\/d6cba3ab97c30e0df0e32548954cb6b1550f4672bd3a4687bf1118b122d757e8?s=96&d=mm&r=g","height":96,"width":96}},"publisher":{"@type":"Organization","name":"proca.cz","logo":{"@type":"ImageObject","@id":"\/logo.png","url":"\/logo.png","width":600,"height":60}},"image":{"@type":"ImageObject","@id":"https:\/\/www.proca.cz\/wp-content\/uploads\/efren-barahona-fVKsIln0b8Y-unsplash.jpg","url":"https:\/\/www.proca.cz\/wp-content\/uploads\/efren-barahona-fVKsIln0b8Y-unsplash.jpg","height":0,"width":0},"keywords":null},{"@type":"Article","@id":"https:\/\/www.proca.cz\/konstrukcni-software\/","headline":"Konstruk\u010dn\u00ed software","url":"https:\/\/www.proca.cz\/konstrukcni-software\/","datePublished":"2023-07-21","dateModified":"2023-08-21","mainEntityOfPage":"https:\/\/www.proca.cz\/konstrukcni-software\/","author":{"@type":"Person","@id":"https:\/\/www.proca.cz\/author\/#Person","name":"","url":"https:\/\/www.proca.cz\/author\/","identifier":1,"image":{"@type":"ImageObject","@id":"https:\/\/secure.gravatar.com\/avatar\/d6cba3ab97c30e0df0e32548954cb6b1550f4672bd3a4687bf1118b122d757e8?s=96&d=mm&r=g","url":"https:\/\/secure.gravatar.com\/avatar\/d6cba3ab97c30e0df0e32548954cb6b1550f4672bd3a4687bf1118b122d757e8?s=96&d=mm&r=g","height":96,"width":96}},"publisher":{"@type":"Organization","name":"proca.cz","logo":{"@type":"ImageObject","@id":"\/logo.png","url":"\/logo.png","width":600,"height":60}},"image":{"@type":"ImageObject","@id":"https:\/\/www.proca.cz\/wp-content\/uploads\/screw-1924174_1280.jpg","url":"https:\/\/www.proca.cz\/wp-content\/uploads\/screw-1924174_1280.jpg","height":0,"width":0},"keywords":null}]}