[{"@context":"https:\/\/schema.org\/","@type":"Blog","@id":"https:\/\/www.proca.cz#Blog","headline":"Proca","description":"\nKdejak\u00fd web se tv\u00e1\u0159\u00ed jako ten nejdokonalej\u0161\u00ed na sv\u011bt\u011b. Ale to, co se za n\u00edm ukr\u00fdv\u00e1, nen\u00ed v\u016fbec sv\u011btoborn\u00e9. Ne ka\u017ed\u00e1 nab\u00eddka je dokonal\u00e1 jako ta na\u0161e.","url":"https:\/\/www.proca.cz","hasPart":[{"@type":"Article","@id":"https:\/\/www.proca.cz\/vime-jak-se-postarat-o-vase-pohodli-v-kancelari\/","headline":"V\u00edme, jak se postarat o va\u0161e pohodl\u00ed v kancel\u00e1\u0159i","url":"https:\/\/www.proca.cz\/vime-jak-se-postarat-o-vase-pohodli-v-kancelari\/","datePublished":"2025-04-26","dateModified":"2025-04-26","mainEntityOfPage":"https:\/\/www.proca.cz\/vime-jak-se-postarat-o-vase-pohodli-v-kancelari\/","author":{"@type":"Person","@id":"https:\/\/www.proca.cz\/author\/#Person","name":"","url":"https:\/\/www.proca.cz\/author\/","identifier":1,"image":{"@type":"ImageObject","@id":"https:\/\/secure.gravatar.com\/avatar\/d6cba3ab97c30e0df0e32548954cb6b1550f4672bd3a4687bf1118b122d757e8?s=96&d=mm&r=g","url":"https:\/\/secure.gravatar.com\/avatar\/d6cba3ab97c30e0df0e32548954cb6b1550f4672bd3a4687bf1118b122d757e8?s=96&d=mm&r=g","height":96,"width":96}},"publisher":{"@type":"Organization","name":"proca.cz","logo":{"@type":"ImageObject","@id":"\/logo.png","url":"\/logo.png","width":600,"height":60}},"image":null,"wordCount":217,"keywords":null},{"@type":"Article","@id":"https:\/\/www.proca.cz\/elektronicka-cigareta\/","headline":"Elektronick\u00e1 cigareta","url":"https:\/\/www.proca.cz\/elektronicka-cigareta\/","datePublished":"2025-04-17","dateModified":"2025-04-17","mainEntityOfPage":"https:\/\/www.proca.cz\/elektronicka-cigareta\/","author":{"@type":"Person","@id":"https:\/\/www.proca.cz\/author\/#Person","name":"","url":"https:\/\/www.proca.cz\/author\/","identifier":1,"image":{"@type":"ImageObject","@id":"https:\/\/secure.gravatar.com\/avatar\/d6cba3ab97c30e0df0e32548954cb6b1550f4672bd3a4687bf1118b122d757e8?s=96&d=mm&r=g","url":"https:\/\/secure.gravatar.com\/avatar\/d6cba3ab97c30e0df0e32548954cb6b1550f4672bd3a4687bf1118b122d757e8?s=96&d=mm&r=g","height":96,"width":96}},"publisher":{"@type":"Organization","name":"proca.cz","logo":{"@type":"ImageObject","@id":"\/logo.png","url":"\/logo.png","width":600,"height":60}},"image":null,"wordCount":208,"keywords":null},{"@type":"Article","@id":"https:\/\/www.proca.cz\/chcete-mit-ve-svem-byte-soukromi\/","headline":"Chcete m\u00edt ve sv\u00e9m byt\u011b soukrom\u00ed?","url":"https:\/\/www.proca.cz\/chcete-mit-ve-svem-byte-soukromi\/","datePublished":"2025-04-11","dateModified":"2025-04-11","mainEntityOfPage":"https:\/\/www.proca.cz\/chcete-mit-ve-svem-byte-soukromi\/","author":{"@type":"Person","@id":"https:\/\/www.proca.cz\/author\/#Person","name":"","url":"https:\/\/www.proca.cz\/author\/","identifier":1,"image":{"@type":"ImageObject","@id":"https:\/\/secure.gravatar.com\/avatar\/d6cba3ab97c30e0df0e32548954cb6b1550f4672bd3a4687bf1118b122d757e8?s=96&d=mm&r=g","url":"https:\/\/secure.gravatar.com\/avatar\/d6cba3ab97c30e0df0e32548954cb6b1550f4672bd3a4687bf1118b122d757e8?s=96&d=mm&r=g","height":96,"width":96}},"publisher":{"@type":"Organization","name":"proca.cz","logo":{"@type":"ImageObject","@id":"\/logo.png","url":"\/logo.png","width":600,"height":60}},"image":null,"wordCount":220,"keywords":null},{"@type":"Article","@id":"https:\/\/www.proca.cz\/hry-na-kazdy-den\/","headline":"Hry na ka\u017ed\u00fd den","url":"https:\/\/www.proca.cz\/hry-na-kazdy-den\/","datePublished":"2025-04-05","dateModified":"2025-04-05","mainEntityOfPage":"https:\/\/www.proca.cz\/hry-na-kazdy-den\/","author":{"@type":"Person","@id":"https:\/\/www.proca.cz\/author\/#Person","name":"","url":"https:\/\/www.proca.cz\/author\/","identifier":1,"image":{"@type":"ImageObject","@id":"https:\/\/secure.gravatar.com\/avatar\/d6cba3ab97c30e0df0e32548954cb6b1550f4672bd3a4687bf1118b122d757e8?s=96&d=mm&r=g","url":"https:\/\/secure.gravatar.com\/avatar\/d6cba3ab97c30e0df0e32548954cb6b1550f4672bd3a4687bf1118b122d757e8?s=96&d=mm&r=g","height":96,"width":96}},"publisher":{"@type":"Organization","name":"proca.cz","logo":{"@type":"ImageObject","@id":"\/logo.png","url":"\/logo.png","width":600,"height":60}},"image":null,"wordCount":154,"keywords":null},{"@type":"Article","@id":"https:\/\/www.proca.cz\/doplnky-na-vodni-dymku\/","headline":"Dopl\u0148ky na vodn\u00ed d\u00fdmku","url":"https:\/\/www.proca.cz\/doplnky-na-vodni-dymku\/","datePublished":"2025-03-29","dateModified":"2025-03-29","mainEntityOfPage":"https:\/\/www.proca.cz\/doplnky-na-vodni-dymku\/","author":{"@type":"Person","@id":"https:\/\/www.proca.cz\/author\/#Person","name":"","url":"https:\/\/www.proca.cz\/author\/","identifier":1,"image":{"@type":"ImageObject","@id":"https:\/\/secure.gravatar.com\/avatar\/d6cba3ab97c30e0df0e32548954cb6b1550f4672bd3a4687bf1118b122d757e8?s=96&d=mm&r=g","url":"https:\/\/secure.gravatar.com\/avatar\/d6cba3ab97c30e0df0e32548954cb6b1550f4672bd3a4687bf1118b122d757e8?s=96&d=mm&r=g","height":96,"width":96}},"publisher":{"@type":"Organization","name":"proca.cz","logo":{"@type":"ImageObject","@id":"\/logo.png","url":"\/logo.png","width":600,"height":60}},"image":{"@type":"ImageObject","@id":"https:\/\/www.proca.cz\/wp-content\/uploads\/vodn%C3%AD%20d%C3%BDmka_10_10_8.jpg","url":"https:\/\/www.proca.cz\/wp-content\/uploads\/vodn%C3%AD%20d%C3%BDmka_10_10_8.jpg","height":0,"width":0},"wordCount":656,"keywords":null},{"@type":"Article","@id":"https:\/\/www.proca.cz\/inzerce-prace-zdarma\/","headline":"Inzerce pr\u00e1ce zdarma","url":"https:\/\/www.proca.cz\/inzerce-prace-zdarma\/","datePublished":"2025-03-26","dateModified":"2025-03-26","mainEntityOfPage":"https:\/\/www.proca.cz\/inzerce-prace-zdarma\/","author":{"@type":"Person","@id":"https:\/\/www.proca.cz\/author\/#Person","name":"","url":"https:\/\/www.proca.cz\/author\/","identifier":1,"image":{"@type":"ImageObject","@id":"https:\/\/secure.gravatar.com\/avatar\/d6cba3ab97c30e0df0e32548954cb6b1550f4672bd3a4687bf1118b122d757e8?s=96&d=mm&r=g","url":"https:\/\/secure.gravatar.com\/avatar\/d6cba3ab97c30e0df0e32548954cb6b1550f4672bd3a4687bf1118b122d757e8?s=96&d=mm&r=g","height":96,"width":96}},"publisher":{"@type":"Organization","name":"proca.cz","logo":{"@type":"ImageObject","@id":"\/logo.png","url":"\/logo.png","width":600,"height":60}},"image":null,"wordCount":262,"keywords":null},{"@type":"Article","@id":"https:\/\/www.proca.cz\/jak-si-doplnit-energii\/","headline":"Jak si doplnit energii?","url":"https:\/\/www.proca.cz\/jak-si-doplnit-energii\/","datePublished":"2025-03-22","dateModified":"2025-03-22","mainEntityOfPage":"https:\/\/www.proca.cz\/jak-si-doplnit-energii\/","author":{"@type":"Person","@id":"https:\/\/www.proca.cz\/author\/#Person","name":"","url":"https:\/\/www.proca.cz\/author\/","identifier":1,"image":{"@type":"ImageObject","@id":"https:\/\/secure.gravatar.com\/avatar\/d6cba3ab97c30e0df0e32548954cb6b1550f4672bd3a4687bf1118b122d757e8?s=96&d=mm&r=g","url":"https:\/\/secure.gravatar.com\/avatar\/d6cba3ab97c30e0df0e32548954cb6b1550f4672bd3a4687bf1118b122d757e8?s=96&d=mm&r=g","height":96,"width":96}},"publisher":{"@type":"Organization","name":"proca.cz","logo":{"@type":"ImageObject","@id":"\/logo.png","url":"\/logo.png","width":600,"height":60}},"image":{"@type":"ImageObject","@id":"https:\/\/www.proca.cz\/wp-content\/uploads\/mike-kenneally-zlwDJoKTuA8-unsplash_1.jpg","url":"https:\/\/www.proca.cz\/wp-content\/uploads\/mike-kenneally-zlwDJoKTuA8-unsplash_1.jpg","height":0,"width":0},"wordCount":646,"keywords":null},{"@type":"Article","@id":"https:\/\/www.proca.cz\/mene-starosti\/","headline":"M\u00e9n\u011b starost\u00ed","url":"https:\/\/www.proca.cz\/mene-starosti\/","datePublished":"2025-03-18","dateModified":"2025-03-18","mainEntityOfPage":"https:\/\/www.proca.cz\/mene-starosti\/","author":{"@type":"Person","@id":"https:\/\/www.proca.cz\/author\/#Person","name":"","url":"https:\/\/www.proca.cz\/author\/","identifier":1,"image":{"@type":"ImageObject","@id":"https:\/\/secure.gravatar.com\/avatar\/d6cba3ab97c30e0df0e32548954cb6b1550f4672bd3a4687bf1118b122d757e8?s=96&d=mm&r=g","url":"https:\/\/secure.gravatar.com\/avatar\/d6cba3ab97c30e0df0e32548954cb6b1550f4672bd3a4687bf1118b122d757e8?s=96&d=mm&r=g","height":96,"width":96}},"publisher":{"@type":"Organization","name":"proca.cz","logo":{"@type":"ImageObject","@id":"\/logo.png","url":"\/logo.png","width":600,"height":60}},"image":null,"wordCount":253,"keywords":null},{"@type":"Article","@id":"https:\/\/www.proca.cz\/kvalitni-patrovou-postel-u-nas-koupite-za-atraktivni-cenu\/","headline":"Kvalitn\u00ed patrovou postel u n\u00e1s koup\u00edte za atraktivn\u00ed cenu","url":"https:\/\/www.proca.cz\/kvalitni-patrovou-postel-u-nas-koupite-za-atraktivni-cenu\/","datePublished":"2025-03-10","dateModified":"2025-03-10","mainEntityOfPage":"https:\/\/www.proca.cz\/kvalitni-patrovou-postel-u-nas-koupite-za-atraktivni-cenu\/","author":{"@type":"Person","@id":"https:\/\/www.proca.cz\/author\/#Person","name":"","url":"https:\/\/www.proca.cz\/author\/","identifier":1,"image":{"@type":"ImageObject","@id":"https:\/\/secure.gravatar.com\/avatar\/d6cba3ab97c30e0df0e32548954cb6b1550f4672bd3a4687bf1118b122d757e8?s=96&d=mm&r=g","url":"https:\/\/secure.gravatar.com\/avatar\/d6cba3ab97c30e0df0e32548954cb6b1550f4672bd3a4687bf1118b122d757e8?s=96&d=mm&r=g","height":96,"width":96}},"publisher":{"@type":"Organization","name":"proca.cz","logo":{"@type":"ImageObject","@id":"\/logo.png","url":"\/logo.png","width":600,"height":60}},"image":null,"wordCount":226,"keywords":null},{"@type":"Article","@id":"https:\/\/www.proca.cz\/chcete-novou-kuchyn\/","headline":"Chcete novou kuchy\u0148?","url":"https:\/\/www.proca.cz\/chcete-novou-kuchyn\/","datePublished":"2025-02-26","dateModified":"2025-02-26","mainEntityOfPage":"https:\/\/www.proca.cz\/chcete-novou-kuchyn\/","author":{"@type":"Person","@id":"https:\/\/www.proca.cz\/author\/#Person","name":"","url":"https:\/\/www.proca.cz\/author\/","identifier":1,"image":{"@type":"ImageObject","@id":"https:\/\/secure.gravatar.com\/avatar\/d6cba3ab97c30e0df0e32548954cb6b1550f4672bd3a4687bf1118b122d757e8?s=96&d=mm&r=g","url":"https:\/\/secure.gravatar.com\/avatar\/d6cba3ab97c30e0df0e32548954cb6b1550f4672bd3a4687bf1118b122d757e8?s=96&d=mm&r=g","height":96,"width":96}},"publisher":{"@type":"Organization","name":"proca.cz","logo":{"@type":"ImageObject","@id":"\/logo.png","url":"\/logo.png","width":600,"height":60}},"image":null,"wordCount":232,"keywords":null}]},{"@context":"https:\/\/schema.org","@type":"WebSite","@id":"https:\/\/www.proca.cz\/#website","name":"Proca","url":"https:\/\/www.proca.cz","potentialAction":{"@type":"SearchAction","target":"https:\/\/www.proca.cz\/?s={search_term_string}","query-input":"required name=search_term_string"}}]